{"id":12826,"date":"2025-09-24T14:22:00","date_gmt":"2025-09-24T12:22:00","guid":{"rendered":"https:\/\/www.companimo.com\/actualites\/?p=12826"},"modified":"2026-01-12T11:59:41","modified_gmt":"2026-01-12T10:59:41","slug":"les-soins-du-cheval-age","status":"publish","type":"post","link":"https:\/\/www.companimo.com\/actualites\/les-soins-du-cheval-age.html","title":{"rendered":"Les soins du cheval \u00e2g\u00e9"},"content":{"rendered":"<p>Le vieillissement entra\u00eene souvent des probl\u00e8mes de sant\u00e9 chez le cheval. <strong>Les soins du cheval \u00e2g\u00e9<\/strong> sont donc essentiels pour pr\u00e9server son bien-\u00eatre et sa qualit\u00e9 de vie. Dans cet article, Companimo vous informe sur les diff\u00e9rents soins et traitements adapt\u00e9s aux \u00e9quid\u00e9s seniors.<\/p>\n<p>L\u2019esp\u00e9rance de vie des chevaux s\u2019allonge : pr\u00e8s de 30 % d\u2019entre eux ont aujourd\u2019hui plus de 15 ans. Ainsi, il devient indispensable de travailler avec votre v\u00e9t\u00e9rinaire pour d\u00e9tecter pr\u00e9cocement les troubles li\u00e9s \u00e0 l\u2019\u00e2ge et mettre en place un suivi et une prise en charge adapt\u00e9s.<\/p>\n<h2><strong>Le vieillissement et ses probl\u00e8mes de sant\u00e9<\/strong><\/h2>\n<ul>\n<li><em><strong>La perte de poids :<\/strong> <\/em>elle est tr\u00e8s fr\u00e9quente chez le cheval \u00e2g\u00e9. Elle peut-\u00eatre due \u00e0 une mauvaise digestion, une mauvaise assimilation des nutriments, des douleurs aux dents ou encore lamaladie de Cushing*.<\/li>\n<li><em><strong>L\u2019arthrose :<\/strong><\/em> le cheval pr\u00e9sente des raideurs, des boiteries, a les articulations chaudes et\/ou gonfl\u00e9es. Avec certains soins et pr\u00e9cautions, vous pouvez soulager ses douleurs et ralentir la progression de la maladie.<\/li>\n<li><em><strong>Les tumeurs (peau et organes internes) :<\/strong> <\/em>bien qu\u2019elles soient souvent b\u00e9nignes, elles doivent \u00eatre prises en charge et g\u00e9r\u00e9es pour assurer une bonne qualit\u00e9 de vie \u00e0 votre cheval.<\/li>\n<li><strong><em>Les probl\u00e8mes respiratoires :<\/em><\/strong> votre vieux cheval doit vivre dans un endroit a\u00e9r\u00e9 et sans poussi\u00e8re. Votre v\u00e9t\u00e9rinaire vous conseillera un traitement en cas de crise respiratoire.<\/li>\n<li><em>Les probl\u00e8mes ophtalmologiques :<\/em> ils apparaissent souvent avec l\u2019\u00e2ge. Seul un v\u00e9t\u00e9rinaire pourra poser un diagnostic.<\/li>\n<li><strong><em>La maladie de Cushing (ou syndrome de<\/em> cushing)<\/strong> : c\u2019est un d\u00e9r\u00e8glement hormonal li\u00e9 au vieillissement. Elle est observ\u00e9e sur 10% des chevaux \u00e2g\u00e9s de plus de 15 ans.<\/li>\n<li><em><strong>L\u2019affaiblissement du syst\u00e8me nerveux :<\/strong> <\/em>les r\u00e9flexes du cheval diminuent, il a moins de go\u00fbt et d\u2019odorat et pr\u00e9sente une perte d\u2019\u00e9quilibre. Une visite de votre v\u00e9t\u00e9rinaire est n\u00e9cessaire pour le diagnostic.<\/li>\n<li><em><strong>Les probl\u00e8mes dentaires :<\/strong><\/em> ils sont difficiles \u00e0 d\u00e9terminer car les chevaux le manifestent tr\u00e8s peu. Diast\u00e8me (dents qui s\u2019espacent), dents qui tombent, dents plus lisses, croissance<\/li>\n<li><em><strong>Les pathologies des pieds et des sabots :<\/strong> <\/em>l\u2019abc\u00e8s, la fourmili\u00e8re et la seime, sont des affections qui peuvent affecter le cheval \u00e2g\u00e9. La fourbure est une maladie grave et douloureuse touchant les pieds des chevaux et notamment ceux des plus \u00e2g\u00e9s.<\/li>\n<\/ul>\n<h2><strong>Les solutions et traitements<\/strong><\/h2>\n<p>Des traitements peuvent \u00eatre mis en place en fonction des besoins de votre cheval.<\/p>\n<p><em><strong>Une alimentation et des traitements adapt\u00e9s \u00e0 ses besoins :<\/strong><\/em><\/p>\n<ul>\n<li><a href=\"https:\/\/www.companimo.com\/audevard-harpagyl.html\">Audevard Harpagyl<\/a><\/li>\n<li><a href=\"https:\/\/www.companimo.com\/audevard-bonutron-senior-17-plus-2-4-kg-16356.html\">Audevard Bonutron Senior 17+<\/a><\/li>\n<li><a style=\"font-size: revert;\" href=\"https:\/\/www.companimo.com\/equistro-artphyton.html\">Equistro Artphyton<\/a><\/li>\n<\/ul>\n<p><em><strong>Compl\u00e9ments alimentaires pour cheval senior<\/strong><\/em><\/p>\n<ul>\n<li>Une r\u00e9gularit\u00e9 dans les vaccinations<\/li>\n<li>Un examen dentaire tous les 6 mois<\/li>\n<li>Des visites r\u00e9guli\u00e8res du mar\u00e9chal-ferrant<\/li>\n<li>Des visites r\u00e9guli\u00e8res du v\u00e9t\u00e9rinaire : bilans de sant\u00e9 et analyses sanguines<\/li>\n<li>Un d\u00e9pistage de la maladie de Cushing. Le v\u00e9t\u00e9rinaire peut proposer une m\u00e9dication quotidienne en cas de d\u00e9pistage positif.<\/li>\n<\/ul>\n<p>En r\u00e9sum\u00e9, les soins du cheval \u00e2g\u00e9 reposent sur une alimentation adapt\u00e9e, un suivi v\u00e9t\u00e9rinaire r\u00e9gulier et une attention particuli\u00e8re \u00e0 son confort quotidien. Ainsi, en anticipant les effets du vieillissement, vous contribuez \u00e0 pr\u00e9server sa sant\u00e9 et \u00e0 prolonger sa qualit\u00e9 de vie. En conclusion, un cheval bien suivi, bien nourri et entour\u00e9 de soins attentifs pourra profiter pleinement de ses ann\u00e9es seniors.<\/p>\n\n\n<main class=\"faq-container\">\n            <div class=\"faq__holder\" itemscope=\"\" itemtype=\"https:\/\/schema.org\/FAQPage\">\n                <h3 class=\"faq-title\">Questions Fr\u00e9quentes<\/h3>\n                <details class=\"faq__detail\" itemscope=\"\" itemprop=\"mainEntity\" itemtype=\"https:\/\/schema.org\/Question\">\n                    <summary class=\"faq__summary\" itemprop=\"name\">\n                        <h4 class=\"faq__question\">\u00c0 partir de quel \u00e2ge consid\u00e8re-t-on qu\u2019un cheval est \u00e2g\u00e9 ?\n<\/h4>\n                    <\/summary>\n                    <div class=\"faq__answer\" itemscope=\"\" itemprop=\"acceptedAnswer\" itemtype=\"https:\/\/schema.org\/Answer\">\n                        <p class=\"faq__text\" itemprop=\"text\">En g\u00e9n\u00e9ral, un cheval est consid\u00e9r\u00e9 comme \u00e2g\u00e9 \u00e0 partir de 15 ans, m\u00eame si cela varie selon les individus et leur \u00e9tat de sant\u00e9.\n<\/p>\n                    <\/div>\n                <\/details>\n                <details class=\"faq__detail\" itemscope=\"\" itemprop=\"mainEntity\" itemtype=\"https:\/\/schema.org\/Question\">\n                    <summary class=\"faq__summary\" itemprop=\"name\">\n                        <h4 class=\"faq__question\">Quelle alimentation convient le mieux \u00e0 un cheval senior ?\n<\/h4>\n                    <\/summary>\n                    <div class=\"faq__answer\" itemscope=\"\" itemprop=\"acceptedAnswer\" itemtype=\"https:\/\/schema.org\/Answer\">\n                        <p class=\"faq__text\" itemprop=\"text\">Une alimentation riche en fibres, facile \u00e0 m\u00e2cher et adapt\u00e9e aux besoins r\u00e9duits en \u00e9nergie est id\u00e9ale pour un cheval \u00e2g\u00e9.\n<\/p>\n                    <\/div>\n                <\/details>\n                <details class=\"faq__detail\" itemscope=\"\" itemprop=\"mainEntity\" itemtype=\"https:\/\/schema.org\/Question\">\n                    <summary class=\"faq__summary\" itemprop=\"name\">\n                        <h4 class=\"faq__question\">Quels signes doivent alerter chez un cheval \u00e2g\u00e9 ?\n <\/h4>\n                    <\/summary>\n                    <div class=\"faq__answer\" itemscope=\"\" itemprop=\"acceptedAnswer\" itemtype=\"https:\/\/schema.org\/Answer\">\n                        <p class=\"faq__text\" itemprop=\"text\">Une perte de poids, une baisse d\u2019app\u00e9tit, des raideurs articulaires ou un poil terne sont des signaux qui n\u00e9cessitent un avis v\u00e9t\u00e9rinaire.\n                    <\/p><\/div>\n                <\/details>\n            <\/div>\n        <\/main>\n","protected":false},"excerpt":{"rendered":"<p>Le vieillissement entra\u00eene souvent des probl\u00e8mes de sant\u00e9 chez le cheval. Les soins du cheval \u00e2g\u00e9 sont donc essentiels pour pr\u00e9server son bien-\u00eatre et sa qualit\u00e9 de vie. Dans cet article, Companimo vous informe sur les diff\u00e9rents soins et traitements adapt\u00e9s aux \u00e9quid\u00e9s seniors. L\u2019esp\u00e9rance de vie des chevaux s\u2019allonge : pr\u00e8s de 30 % d\u2019entre eux ont aujourd\u2019hui &#8230;<\/p>\n","protected":false},"author":4,"featured_media":13000,"comment_status":"open","ping_status":"open","sticky":false,"template":"","format":"standard","meta":[],"categories":[3,816,198],"tags":[815,817],"yoast_head":"<!-- This site is optimized with the Yoast SEO plugin v18.0 - https:\/\/yoast.com\/wordpress\/plugins\/seo\/ -->\n<title>Les soins du cheval \u00e2g\u00e9 | Companimo<\/title>\n<meta name=\"description\" content=\"Les soins du cheval \u00e2g\u00e9 : alimentation, suivi v\u00e9t\u00e9rinaire et conseils pratiques pour pr\u00e9server sa sant\u00e9 et son bien-\u00eatre au quotidien.\" \/>\n<meta name=\"robots\" content=\"index, follow, max-snippet:-1, max-image-preview:large, max-video-preview:-1\" \/>\n<link rel=\"canonical\" href=\"https:\/\/www.companimo.com\/actualites\/les-soins-du-cheval-age.html\" \/>\n<meta property=\"og:locale\" content=\"fr_FR\" \/>\n<meta property=\"og:type\" content=\"article\" \/>\n<meta property=\"og:title\" content=\"Les soins du cheval \u00e2g\u00e9 | Companimo\" \/>\n<meta property=\"og:description\" content=\"Les soins du cheval \u00e2g\u00e9 : alimentation, suivi v\u00e9t\u00e9rinaire et conseils pratiques pour pr\u00e9server sa sant\u00e9 et son bien-\u00eatre au quotidien.\" \/>\n<meta property=\"og:url\" content=\"https:\/\/www.companimo.com\/actualites\/les-soins-du-cheval-age.html\" \/>\n<meta property=\"og:site_name\" content=\"Companimo Blog\" \/>\n<meta property=\"article:published_time\" content=\"2025-09-24T12:22:00+00:00\" \/>\n<meta property=\"article:modified_time\" content=\"2026-01-12T10:59:41+00:00\" \/>\n<meta property=\"og:image\" content=\"https:\/\/www.companimo.com\/actualites\/wp-content\/uploads\/2025\/08\/Bannieres-Blog-Article-5.jpg\" \/>\n\t<meta property=\"og:image:width\" content=\"1024\" \/>\n\t<meta property=\"og:image:height\" content=\"683\" \/>\n\t<meta property=\"og:image:type\" content=\"image\/jpeg\" \/>\n<meta name=\"twitter:card\" content=\"summary\" \/>\n<meta name=\"twitter:label1\" content=\"\u00c9crit par\" \/>\n\t<meta name=\"twitter:data1\" content=\"Olivier\" \/>\n\t<meta name=\"twitter:label2\" content=\"Dur\u00e9e de lecture estim\u00e9e\" \/>\n\t<meta name=\"twitter:data2\" content=\"4 minutes\" \/>\n<script type=\"application\/ld+json\" class=\"yoast-schema-graph\">{\"@context\":\"https:\/\/schema.org\",\"@graph\":[{\"@type\":\"WebSite\",\"@id\":\"https:\/\/www.companimo.com\/actualites\/#website\",\"url\":\"https:\/\/www.companimo.com\/actualites\/\",\"name\":\"Companimo Blog\",\"description\":\"Companimo, conseils et actualit\u00e9s pour tous vos animaux\",\"potentialAction\":[{\"@type\":\"SearchAction\",\"target\":{\"@type\":\"EntryPoint\",\"urlTemplate\":\"https:\/\/www.companimo.com\/actualites\/?s={search_term_string}\"},\"query-input\":\"required name=search_term_string\"}],\"inLanguage\":\"fr-FR\"},{\"@type\":\"ImageObject\",\"@id\":\"https:\/\/www.companimo.com\/actualites\/les-soins-du-cheval-age.html#primaryimage\",\"inLanguage\":\"fr-FR\",\"url\":\"https:\/\/www.companimo.com\/actualites\/wp-content\/uploads\/2025\/08\/Bannieres-Blog-Article-5.jpg\",\"contentUrl\":\"https:\/\/www.companimo.com\/actualites\/wp-content\/uploads\/2025\/08\/Bannieres-Blog-Article-5.jpg\",\"width\":1024,\"height\":683,\"caption\":\"cheval \u00e2g\u00e9s\"},{\"@type\":\"WebPage\",\"@id\":\"https:\/\/www.companimo.com\/actualites\/les-soins-du-cheval-age.html#webpage\",\"url\":\"https:\/\/www.companimo.com\/actualites\/les-soins-du-cheval-age.html\",\"name\":\"Les soins du cheval \u00e2g\u00e9 | Companimo\",\"isPartOf\":{\"@id\":\"https:\/\/www.companimo.com\/actualites\/#website\"},\"primaryImageOfPage\":{\"@id\":\"https:\/\/www.companimo.com\/actualites\/les-soins-du-cheval-age.html#primaryimage\"},\"datePublished\":\"2025-09-24T12:22:00+00:00\",\"dateModified\":\"2026-01-12T10:59:41+00:00\",\"author\":{\"@id\":\"https:\/\/www.companimo.com\/actualites\/#\/schema\/person\/037e919dc0be3d10d859b2d09a679e0b\"},\"description\":\"Les soins du cheval \u00e2g\u00e9 : alimentation, suivi v\u00e9t\u00e9rinaire et conseils pratiques pour pr\u00e9server sa sant\u00e9 et son bien-\u00eatre au quotidien.\",\"breadcrumb\":{\"@id\":\"https:\/\/www.companimo.com\/actualites\/les-soins-du-cheval-age.html#breadcrumb\"},\"inLanguage\":\"fr-FR\",\"potentialAction\":[{\"@type\":\"ReadAction\",\"target\":[\"https:\/\/www.companimo.com\/actualites\/les-soins-du-cheval-age.html\"]}]},{\"@type\":\"BreadcrumbList\",\"@id\":\"https:\/\/www.companimo.com\/actualites\/les-soins-du-cheval-age.html#breadcrumb\",\"itemListElement\":[{\"@type\":\"ListItem\",\"position\":1,\"name\":\"Accueil\",\"item\":\"https:\/\/www.companimo.com\/actualites\"},{\"@type\":\"ListItem\",\"position\":2,\"name\":\"Les soins du cheval \u00e2g\u00e9\"}]},{\"@type\":\"Person\",\"@id\":\"https:\/\/www.companimo.com\/actualites\/#\/schema\/person\/037e919dc0be3d10d859b2d09a679e0b\",\"name\":\"Olivier\",\"image\":{\"@type\":\"ImageObject\",\"@id\":\"https:\/\/www.companimo.com\/actualites\/#personlogo\",\"inLanguage\":\"fr-FR\",\"url\":\"https:\/\/www.companimo.com\/actualites\/wp-content\/uploads\/2026\/01\/olivier_maniaval-120x120.png\",\"contentUrl\":\"https:\/\/www.companimo.com\/actualites\/wp-content\/uploads\/2026\/01\/olivier_maniaval-120x120.png\",\"caption\":\"Olivier\"},\"description\":\"Olivier est docteur v\u00e9t\u00e9rinaire et cofondateur de Companimo. Il intervient sur les articles de blog li\u00e9s \u00e0 la sant\u00e9, la pr\u00e9vention et la nutrition animale, afin de garantir des contenus fiables, rigoureux et bas\u00e9s sur des connaissances v\u00e9t\u00e9rinaires actualis\u00e9es.\",\"url\":\"https:\/\/www.companimo.com\/actualites\/author\/oliviermaniaval\"}]}<\/script>\n<!-- \/ Yoast SEO plugin. -->","yoast_head_json":{"title":"Les soins du cheval \u00e2g\u00e9 | Companimo","description":"Les soins du cheval \u00e2g\u00e9 : alimentation, suivi v\u00e9t\u00e9rinaire et conseils pratiques pour pr\u00e9server sa sant\u00e9 et son bien-\u00eatre au quotidien.","robots":{"index":"index","follow":"follow","max-snippet":"max-snippet:-1","max-image-preview":"max-image-preview:large","max-video-preview":"max-video-preview:-1"},"canonical":"https:\/\/www.companimo.com\/actualites\/les-soins-du-cheval-age.html","og_locale":"fr_FR","og_type":"article","og_title":"Les soins du cheval \u00e2g\u00e9 | Companimo","og_description":"Les soins du cheval \u00e2g\u00e9 : alimentation, suivi v\u00e9t\u00e9rinaire et conseils pratiques pour pr\u00e9server sa sant\u00e9 et son bien-\u00eatre au quotidien.","og_url":"https:\/\/www.companimo.com\/actualites\/les-soins-du-cheval-age.html","og_site_name":"Companimo Blog","article_published_time":"2025-09-24T12:22:00+00:00","article_modified_time":"2026-01-12T10:59:41+00:00","og_image":[{"width":1024,"height":683,"url":"https:\/\/www.companimo.com\/actualites\/wp-content\/uploads\/2025\/08\/Bannieres-Blog-Article-5.jpg","type":"image\/jpeg"}],"twitter_card":"summary","twitter_misc":{"\u00c9crit par":"Olivier","Dur\u00e9e de lecture estim\u00e9e":"4 minutes"},"schema":{"@context":"https:\/\/schema.org","@graph":[{"@type":"WebSite","@id":"https:\/\/www.companimo.com\/actualites\/#website","url":"https:\/\/www.companimo.com\/actualites\/","name":"Companimo Blog","description":"Companimo, conseils et actualit\u00e9s pour tous vos animaux","potentialAction":[{"@type":"SearchAction","target":{"@type":"EntryPoint","urlTemplate":"https:\/\/www.companimo.com\/actualites\/?s={search_term_string}"},"query-input":"required name=search_term_string"}],"inLanguage":"fr-FR"},{"@type":"ImageObject","@id":"https:\/\/www.companimo.com\/actualites\/les-soins-du-cheval-age.html#primaryimage","inLanguage":"fr-FR","url":"https:\/\/www.companimo.com\/actualites\/wp-content\/uploads\/2025\/08\/Bannieres-Blog-Article-5.jpg","contentUrl":"https:\/\/www.companimo.com\/actualites\/wp-content\/uploads\/2025\/08\/Bannieres-Blog-Article-5.jpg","width":1024,"height":683,"caption":"cheval \u00e2g\u00e9s"},{"@type":"WebPage","@id":"https:\/\/www.companimo.com\/actualites\/les-soins-du-cheval-age.html#webpage","url":"https:\/\/www.companimo.com\/actualites\/les-soins-du-cheval-age.html","name":"Les soins du cheval \u00e2g\u00e9 | Companimo","isPartOf":{"@id":"https:\/\/www.companimo.com\/actualites\/#website"},"primaryImageOfPage":{"@id":"https:\/\/www.companimo.com\/actualites\/les-soins-du-cheval-age.html#primaryimage"},"datePublished":"2025-09-24T12:22:00+00:00","dateModified":"2026-01-12T10:59:41+00:00","author":{"@id":"https:\/\/www.companimo.com\/actualites\/#\/schema\/person\/037e919dc0be3d10d859b2d09a679e0b"},"description":"Les soins du cheval \u00e2g\u00e9 : alimentation, suivi v\u00e9t\u00e9rinaire et conseils pratiques pour pr\u00e9server sa sant\u00e9 et son bien-\u00eatre au quotidien.","breadcrumb":{"@id":"https:\/\/www.companimo.com\/actualites\/les-soins-du-cheval-age.html#breadcrumb"},"inLanguage":"fr-FR","potentialAction":[{"@type":"ReadAction","target":["https:\/\/www.companimo.com\/actualites\/les-soins-du-cheval-age.html"]}]},{"@type":"BreadcrumbList","@id":"https:\/\/www.companimo.com\/actualites\/les-soins-du-cheval-age.html#breadcrumb","itemListElement":[{"@type":"ListItem","position":1,"name":"Accueil","item":"https:\/\/www.companimo.com\/actualites"},{"@type":"ListItem","position":2,"name":"Les soins du cheval \u00e2g\u00e9"}]},{"@type":"Person","@id":"https:\/\/www.companimo.com\/actualites\/#\/schema\/person\/037e919dc0be3d10d859b2d09a679e0b","name":"Olivier","image":{"@type":"ImageObject","@id":"https:\/\/www.companimo.com\/actualites\/#personlogo","inLanguage":"fr-FR","url":"https:\/\/www.companimo.com\/actualites\/wp-content\/uploads\/2026\/01\/olivier_maniaval-120x120.png","contentUrl":"https:\/\/www.companimo.com\/actualites\/wp-content\/uploads\/2026\/01\/olivier_maniaval-120x120.png","caption":"Olivier"},"description":"Olivier est docteur v\u00e9t\u00e9rinaire et cofondateur de Companimo. Il intervient sur les articles de blog li\u00e9s \u00e0 la sant\u00e9, la pr\u00e9vention et la nutrition animale, afin de garantir des contenus fiables, rigoureux et bas\u00e9s sur des connaissances v\u00e9t\u00e9rinaires actualis\u00e9es.","url":"https:\/\/www.companimo.com\/actualites\/author\/oliviermaniaval"}]}},"_links":{"self":[{"href":"https:\/\/www.companimo.com\/actualites\/wp-json\/wp\/v2\/posts\/12826"}],"collection":[{"href":"https:\/\/www.companimo.com\/actualites\/wp-json\/wp\/v2\/posts"}],"about":[{"href":"https:\/\/www.companimo.com\/actualites\/wp-json\/wp\/v2\/types\/post"}],"author":[{"embeddable":true,"href":"https:\/\/www.companimo.com\/actualites\/wp-json\/wp\/v2\/users\/4"}],"replies":[{"embeddable":true,"href":"https:\/\/www.companimo.com\/actualites\/wp-json\/wp\/v2\/comments?post=12826"}],"version-history":[{"count":4,"href":"https:\/\/www.companimo.com\/actualites\/wp-json\/wp\/v2\/posts\/12826\/revisions"}],"predecessor-version":[{"id":13005,"href":"https:\/\/www.companimo.com\/actualites\/wp-json\/wp\/v2\/posts\/12826\/revisions\/13005"}],"wp:featuredmedia":[{"embeddable":true,"href":"https:\/\/www.companimo.com\/actualites\/wp-json\/wp\/v2\/media\/13000"}],"wp:attachment":[{"href":"https:\/\/www.companimo.com\/actualites\/wp-json\/wp\/v2\/media?parent=12826"}],"wp:term":[{"taxonomy":"category","embeddable":true,"href":"https:\/\/www.companimo.com\/actualites\/wp-json\/wp\/v2\/categories?post=12826"},{"taxonomy":"post_tag","embeddable":true,"href":"https:\/\/www.companimo.com\/actualites\/wp-json\/wp\/v2\/tags?post=12826"}],"curies":[{"name":"wp","href":"https:\/\/api.w.org\/{rel}","templated":true}]}}