{"id":10482,"date":"2024-07-02T15:06:48","date_gmt":"2024-07-02T13:06:48","guid":{"rendered":"https:\/\/www.companimo.com\/actualites\/?p=10482"},"modified":"2024-07-02T15:06:49","modified_gmt":"2024-07-02T13:06:49","slug":"gestion-preventive-otite-externe-labrador","status":"publish","type":"post","link":"https:\/\/www.companimo.com\/actualites\/gestion-preventive-otite-externe-labrador.html","title":{"rendered":"Gestion pr\u00e9ventive de l&rsquo;otite externe chez un Labrador"},"content":{"rendered":"<p>Dans ce cas clinique, d\u00e9couvrez la gestion pr\u00e9ventive de l&rsquo;otite externe chez un Labrador.<\/p>\n<p><span style=\"font-weight: 400;\">Loki, un Labrador m\u00e2le de 4 ans, est pr\u00e9sent\u00e9 \u00e0 la consultation pour un inconfort auriculaire r\u00e9current. Le propri\u00e9taire rapporte que Loki secoue fr\u00e9quemment la t\u00eate et se gratte les oreilles, particuli\u00e8rement apr\u00e8s les baignades et les s\u00e9ances de jeu en ext\u00e9rieur.<\/span><\/p>\n<h2><strong>L&rsquo;examen de la gestion de l&rsquo;otite externe chez un Labrador<\/strong><\/h2>\n<p><span style=\"font-weight: 400;\">En premier lieu, l&rsquo;examen otoscopique r\u00e9v\u00e8le une l\u00e9g\u00e8re rougeur du conduit auditif externe, sans infection active. <\/span><\/p>\n<p><span style=\"font-weight: 400;\">Compte tenu de la pr\u00e9disposition des Labradors aux otites externes, notamment due \u00e0 leur morphologie auriculaire et leur mode de vie actif, nous optons pour une approche pr\u00e9ventive.<\/span><\/p>\n<h2><span style=\"font-weight: 400;\"><strong><a href=\"https:\/\/www.companimo.com\/surosolve-nettoyant-auriculaire-125-ml.html\" target=\"_blank\" rel=\"noopener\">Surosolve<\/a>, un nettoyant auriculaire pour chien<img loading=\"lazy\" class=\"size-medium wp-image-10500 alignright\" src=\"https:\/\/www.companimo.com\/actualites\/wp-content\/uploads\/2024\/06\/Illustration-Blog-300x300.png\" alt=\"Gestion pr\u00e9ventive de l'otite externe chez un Labrador\" width=\"300\" height=\"300\" srcset=\"https:\/\/www.companimo.com\/actualites\/wp-content\/uploads\/2024\/06\/Illustration-Blog-300x300.png 300w, https:\/\/www.companimo.com\/actualites\/wp-content\/uploads\/2024\/06\/Illustration-Blog-250x250.png 250w, https:\/\/www.companimo.com\/actualites\/wp-content\/uploads\/2024\/06\/Illustration-Blog-120x120.png 120w, https:\/\/www.companimo.com\/actualites\/wp-content\/uploads\/2024\/06\/Illustration-Blog.png 600w\" sizes=\"(max-width: 300px) 100vw, 300px\" \/><\/strong> <\/span><\/h2>\n<p><span style=\"font-weight: 400;\">Nous recommandons l&rsquo;utilisation r\u00e9guli\u00e8re de Surosolve comme solution de nettoyage auriculaire pour la gestion pr\u00e9ventive de l&rsquo;otite externe chez un Labrador<\/span><\/p>\n<p><em><span style=\"font-weight: 400;\"><a href=\"https:\/\/www.companimo.com\/surosolve-nettoyant-auriculaire-125-ml.html\" target=\"_blank\" rel=\"noopener\">Surosolve<\/a> est particuli\u00e8rement adapt\u00e9 car :<\/span><\/em><\/p>\n<ol>\n<li><span style=\"font-weight: 400;\"> Il nettoie en douceur le conduit auditif, \u00e9liminant l&rsquo;exc\u00e8s de c\u00e9rumen et les d\u00e9bris.<\/span><\/li>\n<li><span style=\"font-weight: 400;\"> Il assure un effet ass\u00e9chant, r\u00e9duisant l&rsquo;humidit\u00e9 propice au d\u00e9veloppement des infections.<\/span><\/li>\n<li><span style=\"font-weight: 400;\"> Sa formulation est non irritante, permettant une utilisation fr\u00e9quente sans risque pour la peau d\u00e9licate du conduit auditif.<\/span><\/li>\n<\/ol>\n<p><em><span style=\"font-weight: 400;\">Protocole recommand\u00e9 :<\/span><\/em><\/p>\n<p><span style=\"font-weight: 400;\">&#8211; Utilisation de Surosolve deux fois par semaine en routine<\/span><\/p>\n<p><span style=\"font-weight: 400;\">&#8211; Application suppl\u00e9mentaire apr\u00e8s chaque baignade ou activit\u00e9 pouvant exposer les oreilles \u00e0 l&rsquo;humidit\u00e9<\/span><\/p>\n<p><span style=\"font-weight: 400;\">En outre, cette approche pr\u00e9ventive avec Surosolve vise \u00e0 maintenir une bonne hygi\u00e8ne auriculaire, r\u00e9duisant ainsi le risque d&rsquo;otites externes r\u00e9currentes et am\u00e9liorant le confort g\u00e9n\u00e9ral de Loki.<\/span><\/p>\n<p><span style=\"font-weight: 400;\">En compl\u00e9ment, nous conseillons au propri\u00e9taire de surveiller r\u00e9guli\u00e8rement l&rsquo;\u00e9tat des oreilles de Loki et de consulter en cas de signes persistants d&rsquo;inconfort ou d&rsquo;inflammation.<\/span><\/p>\n<p>Vous pouvez aussi consulter notre article de blog concernant <a href=\"https:\/\/www.companimo.com\/actualites\/osurnia-traitement-de-lotite-nouvelle-generation.html\" target=\"_blank\" rel=\"noopener\">\u00ab\u00a0le traitement de l&rsquo;otite pour chien nouvelle g\u00e9n\u00e9ration\u00a0\u00bb.<\/a><\/p>\n<p><\/p>\n\n\n<main class=\"faq-container\">\n            <div class=\"faq__holder\" itemscope=\"\" itemtype=\"https:\/\/schema.org\/FAQPage\">\n                <h3 class=\"faq-title\">Questions Fr\u00e9quentes<\/h3>\n                <details class=\"faq__detail\" itemscope=\"\" itemprop=\"mainEntity\" itemtype=\"https:\/\/schema.org\/Question\">\n                    <summary class=\"faq__summary\" itemprop=\"name\">\n                        <h4 class=\"faq__question\">Qu&rsquo;est-ce que l&rsquo;otite externe chez le chien?<\/h4>\n                    <\/summary>\n                    <div class=\"faq__answer\" itemscope=\"\" itemprop=\"acceptedAnswer\" itemtype=\"https:\/\/schema.org\/Answer\">\n                        <p class=\"faq__text\" itemprop=\"text\" l'otite=\"\" externe=\"\" est=\"\" une=\"\" inflammation=\"\" ou=\"\" infection=\"\" du=\"\" conduit=\"\" auditif=\"\" chien.=\"\" elle=\"\" peut=\"\" \u00eatre=\"\" caus\u00e9e=\"\" par=\"\" des=\"\" bact\u00e9ries,=\"\" levures,=\"\" parasites,=\"\" allergies=\"\" corps=\"\" \u00e9trangers.<=\"\" p=\"\">\n                    <\/p><\/div>\n                <\/details>\n                <details class=\"faq__detail\" itemscope=\"\" itemprop=\"mainEntity\" itemtype=\"https:\/\/schema.org\/Question\">\n                    <summary class=\"faq__summary\" itemprop=\"name\">\n                        <h4 class=\"faq__question\">Quels sont les signes courants de l&rsquo;otite externe chez le chien?<\/h4>\n                    <\/summary>\n                    <div class=\"faq__answer\" itemscope=\"\" itemprop=\"acceptedAnswer\" itemtype=\"https:\/\/schema.org\/Answer\">\n                        <p class=\"faq__text\" itemprop=\"text\">Les signes incluent des secouements de la t\u00eate, des grattages fr\u00e9quents des oreilles, une odeur d\u00e9sagr\u00e9able provenant des oreilles, une d\u00e9charge auriculaire, une rougeur ou un gonflement du conduit auditif, et une sensibilit\u00e9 ou une douleur au toucher.<\/p>\n                    <\/div>\n                <\/details>\n                <details class=\"faq__detail\" itemscope=\"\" itemprop=\"mainEntity\" itemtype=\"https:\/\/schema.org\/Question\">\n                    <summary class=\"faq__summary\" itemprop=\"name\">\n                        <h4 class=\"faq__question\">\u00c0 quelle fr\u00e9quence devrais-je nettoyer les oreilles de mon chien? <\/h4>\n                    <\/summary>\n                    <div class=\"faq__answer\" itemscope=\"\" itemprop=\"acceptedAnswer\" itemtype=\"https:\/\/schema.org\/Answer\">\n                        <p class=\"faq__text\" itemprop=\"text\">La fr\u00e9quence de nettoyage d\u00e9pend de la race et des besoins sp\u00e9cifiques de votre chien. En g\u00e9n\u00e9ral, un nettoyage hebdomadaire est recommand\u00e9 pour les chiens \u00e0 oreilles pendantes ou ceux pr\u00e9dispos\u00e9s aux infections. Pour les autres, un nettoyage toutes les deux semaines peut suffire.\n<\/p>\n                    <\/div>\n                <\/details>\n            <\/div>\n        <\/main>\n","protected":false},"excerpt":{"rendered":"<p>Dans ce cas clinique, d\u00e9couvrez la gestion pr\u00e9ventive de l&rsquo;otite externe chez un Labrador. Loki, un Labrador m\u00e2le de 4 ans, est pr\u00e9sent\u00e9 \u00e0 la consultation pour un inconfort auriculaire r\u00e9current. Le propri\u00e9taire rapporte que Loki secoue fr\u00e9quemment la t\u00eate et se gratte les oreilles, particuli\u00e8rement apr\u00e8s les baignades et les s\u00e9ances de jeu en ext\u00e9rieur. L&rsquo;examen de la &#8230;<\/p>\n","protected":false},"author":19,"featured_media":10499,"comment_status":"open","ping_status":"open","sticky":false,"template":"","format":"standard","meta":[],"categories":[3,14],"tags":[164,210,525],"yoast_head":"<!-- This site is optimized with the Yoast SEO plugin v18.0 - https:\/\/yoast.com\/wordpress\/plugins\/seo\/ -->\n<title>Gestion pr\u00e9ventive de l&#039;otite externe chez un Labrador<\/title>\n<meta name=\"description\" content=\"La gestion pr\u00e9ventive de l&#039;otite externe chez un Labrador implique des pratiques et des soins r\u00e9guliers visant \u00e0 \u00e9viter son d\u00e9veloppement.\" \/>\n<meta name=\"robots\" content=\"index, follow, max-snippet:-1, max-image-preview:large, max-video-preview:-1\" \/>\n<link rel=\"canonical\" href=\"https:\/\/www.companimo.com\/actualites\/gestion-preventive-otite-externe-labrador.html\" \/>\n<meta property=\"og:locale\" content=\"fr_FR\" \/>\n<meta property=\"og:type\" content=\"article\" \/>\n<meta property=\"og:title\" content=\"Gestion pr\u00e9ventive de l&#039;otite externe chez un Labrador\" \/>\n<meta property=\"og:description\" content=\"La gestion pr\u00e9ventive de l&#039;otite externe chez un Labrador implique des pratiques et des soins r\u00e9guliers visant \u00e0 \u00e9viter son d\u00e9veloppement.\" \/>\n<meta property=\"og:url\" content=\"https:\/\/www.companimo.com\/actualites\/gestion-preventive-otite-externe-labrador.html\" \/>\n<meta property=\"og:site_name\" content=\"Companimo Blog\" \/>\n<meta property=\"article:published_time\" content=\"2024-07-02T13:06:48+00:00\" \/>\n<meta property=\"article:modified_time\" content=\"2024-07-02T13:06:49+00:00\" \/>\n<meta property=\"og:image\" content=\"https:\/\/www.companimo.com\/actualites\/wp-content\/uploads\/2024\/06\/Bannieres-Blog-Article-3.jpg\" \/>\n\t<meta property=\"og:image:width\" content=\"1024\" \/>\n\t<meta property=\"og:image:height\" content=\"683\" \/>\n\t<meta property=\"og:image:type\" content=\"image\/jpeg\" \/>\n<meta name=\"twitter:card\" content=\"summary\" \/>\n<meta name=\"twitter:label1\" content=\"\u00c9crit par\" \/>\n\t<meta name=\"twitter:data1\" content=\"Camille\" \/>\n\t<meta name=\"twitter:label2\" content=\"Dur\u00e9e de lecture estim\u00e9e\" \/>\n\t<meta name=\"twitter:data2\" content=\"3 minutes\" \/>\n<script type=\"application\/ld+json\" class=\"yoast-schema-graph\">{\"@context\":\"https:\/\/schema.org\",\"@graph\":[{\"@type\":\"WebSite\",\"@id\":\"https:\/\/www.companimo.com\/actualites\/#website\",\"url\":\"https:\/\/www.companimo.com\/actualites\/\",\"name\":\"Companimo Blog\",\"description\":\"Companimo, conseils et actualit\u00e9s pour tous vos animaux\",\"potentialAction\":[{\"@type\":\"SearchAction\",\"target\":{\"@type\":\"EntryPoint\",\"urlTemplate\":\"https:\/\/www.companimo.com\/actualites\/?s={search_term_string}\"},\"query-input\":\"required name=search_term_string\"}],\"inLanguage\":\"fr-FR\"},{\"@type\":\"ImageObject\",\"@id\":\"https:\/\/www.companimo.com\/actualites\/gestion-preventive-otite-externe-labrador.html#primaryimage\",\"inLanguage\":\"fr-FR\",\"url\":\"https:\/\/www.companimo.com\/actualites\/wp-content\/uploads\/2024\/06\/Bannieres-Blog-Article-3.jpg\",\"contentUrl\":\"https:\/\/www.companimo.com\/actualites\/wp-content\/uploads\/2024\/06\/Bannieres-Blog-Article-3.jpg\",\"width\":1024,\"height\":683,\"caption\":\"Gestion pr\u00e9ventive de l'otite externe chez un Labrador\"},{\"@type\":\"WebPage\",\"@id\":\"https:\/\/www.companimo.com\/actualites\/gestion-preventive-otite-externe-labrador.html#webpage\",\"url\":\"https:\/\/www.companimo.com\/actualites\/gestion-preventive-otite-externe-labrador.html\",\"name\":\"Gestion pr\u00e9ventive de l'otite externe chez un Labrador\",\"isPartOf\":{\"@id\":\"https:\/\/www.companimo.com\/actualites\/#website\"},\"primaryImageOfPage\":{\"@id\":\"https:\/\/www.companimo.com\/actualites\/gestion-preventive-otite-externe-labrador.html#primaryimage\"},\"datePublished\":\"2024-07-02T13:06:48+00:00\",\"dateModified\":\"2024-07-02T13:06:49+00:00\",\"author\":{\"@id\":\"https:\/\/www.companimo.com\/actualites\/#\/schema\/person\/b313f0fa0f62ca25b721252fd127ed7f\"},\"description\":\"La gestion pr\u00e9ventive de l'otite externe chez un Labrador implique des pratiques et des soins r\u00e9guliers visant \u00e0 \u00e9viter son d\u00e9veloppement.\",\"breadcrumb\":{\"@id\":\"https:\/\/www.companimo.com\/actualites\/gestion-preventive-otite-externe-labrador.html#breadcrumb\"},\"inLanguage\":\"fr-FR\",\"potentialAction\":[{\"@type\":\"ReadAction\",\"target\":[\"https:\/\/www.companimo.com\/actualites\/gestion-preventive-otite-externe-labrador.html\"]}]},{\"@type\":\"BreadcrumbList\",\"@id\":\"https:\/\/www.companimo.com\/actualites\/gestion-preventive-otite-externe-labrador.html#breadcrumb\",\"itemListElement\":[{\"@type\":\"ListItem\",\"position\":1,\"name\":\"Accueil\",\"item\":\"https:\/\/www.companimo.com\/actualites\"},{\"@type\":\"ListItem\",\"position\":2,\"name\":\"Gestion pr\u00e9ventive de l&rsquo;otite externe chez un Labrador\"}]},{\"@type\":\"Person\",\"@id\":\"https:\/\/www.companimo.com\/actualites\/#\/schema\/person\/b313f0fa0f62ca25b721252fd127ed7f\",\"name\":\"Camille\",\"image\":{\"@type\":\"ImageObject\",\"@id\":\"https:\/\/www.companimo.com\/actualites\/#personlogo\",\"inLanguage\":\"fr-FR\",\"url\":\"https:\/\/www.companimo.com\/actualites\/wp-content\/uploads\/2026\/01\/IMG_8693-120x120.jpeg\",\"contentUrl\":\"https:\/\/www.companimo.com\/actualites\/wp-content\/uploads\/2026\/01\/IMG_8693-120x120.jpeg\",\"caption\":\"Camille\"},\"description\":\"Camille est Community Manager chez Companimo. Passionn\u00e9e par l\u2019\u00e9criture, les animaux et l\u2019\u00e9quitation, elle r\u00e9dige les articles du blog et les contenus informatifs du site. Dipl\u00f4m\u00e9e en communication, elle propose des contenus clairs et p\u00e9dagogiques pour accompagner les propri\u00e9taires de chiens, chats et chevaux au quotidien.\",\"url\":\"https:\/\/www.companimo.com\/actualites\/author\/victoria\"}]}<\/script>\n<!-- \/ Yoast SEO plugin. -->","yoast_head_json":{"title":"Gestion pr\u00e9ventive de l'otite externe chez un Labrador","description":"La gestion pr\u00e9ventive de l'otite externe chez un Labrador implique des pratiques et des soins r\u00e9guliers visant \u00e0 \u00e9viter son d\u00e9veloppement.","robots":{"index":"index","follow":"follow","max-snippet":"max-snippet:-1","max-image-preview":"max-image-preview:large","max-video-preview":"max-video-preview:-1"},"canonical":"https:\/\/www.companimo.com\/actualites\/gestion-preventive-otite-externe-labrador.html","og_locale":"fr_FR","og_type":"article","og_title":"Gestion pr\u00e9ventive de l'otite externe chez un Labrador","og_description":"La gestion pr\u00e9ventive de l'otite externe chez un Labrador implique des pratiques et des soins r\u00e9guliers visant \u00e0 \u00e9viter son d\u00e9veloppement.","og_url":"https:\/\/www.companimo.com\/actualites\/gestion-preventive-otite-externe-labrador.html","og_site_name":"Companimo Blog","article_published_time":"2024-07-02T13:06:48+00:00","article_modified_time":"2024-07-02T13:06:49+00:00","og_image":[{"width":1024,"height":683,"url":"https:\/\/www.companimo.com\/actualites\/wp-content\/uploads\/2024\/06\/Bannieres-Blog-Article-3.jpg","type":"image\/jpeg"}],"twitter_card":"summary","twitter_misc":{"\u00c9crit par":"Camille","Dur\u00e9e de lecture estim\u00e9e":"3 minutes"},"schema":{"@context":"https:\/\/schema.org","@graph":[{"@type":"WebSite","@id":"https:\/\/www.companimo.com\/actualites\/#website","url":"https:\/\/www.companimo.com\/actualites\/","name":"Companimo Blog","description":"Companimo, conseils et actualit\u00e9s pour tous vos animaux","potentialAction":[{"@type":"SearchAction","target":{"@type":"EntryPoint","urlTemplate":"https:\/\/www.companimo.com\/actualites\/?s={search_term_string}"},"query-input":"required name=search_term_string"}],"inLanguage":"fr-FR"},{"@type":"ImageObject","@id":"https:\/\/www.companimo.com\/actualites\/gestion-preventive-otite-externe-labrador.html#primaryimage","inLanguage":"fr-FR","url":"https:\/\/www.companimo.com\/actualites\/wp-content\/uploads\/2024\/06\/Bannieres-Blog-Article-3.jpg","contentUrl":"https:\/\/www.companimo.com\/actualites\/wp-content\/uploads\/2024\/06\/Bannieres-Blog-Article-3.jpg","width":1024,"height":683,"caption":"Gestion pr\u00e9ventive de l'otite externe chez un Labrador"},{"@type":"WebPage","@id":"https:\/\/www.companimo.com\/actualites\/gestion-preventive-otite-externe-labrador.html#webpage","url":"https:\/\/www.companimo.com\/actualites\/gestion-preventive-otite-externe-labrador.html","name":"Gestion pr\u00e9ventive de l'otite externe chez un Labrador","isPartOf":{"@id":"https:\/\/www.companimo.com\/actualites\/#website"},"primaryImageOfPage":{"@id":"https:\/\/www.companimo.com\/actualites\/gestion-preventive-otite-externe-labrador.html#primaryimage"},"datePublished":"2024-07-02T13:06:48+00:00","dateModified":"2024-07-02T13:06:49+00:00","author":{"@id":"https:\/\/www.companimo.com\/actualites\/#\/schema\/person\/b313f0fa0f62ca25b721252fd127ed7f"},"description":"La gestion pr\u00e9ventive de l'otite externe chez un Labrador implique des pratiques et des soins r\u00e9guliers visant \u00e0 \u00e9viter son d\u00e9veloppement.","breadcrumb":{"@id":"https:\/\/www.companimo.com\/actualites\/gestion-preventive-otite-externe-labrador.html#breadcrumb"},"inLanguage":"fr-FR","potentialAction":[{"@type":"ReadAction","target":["https:\/\/www.companimo.com\/actualites\/gestion-preventive-otite-externe-labrador.html"]}]},{"@type":"BreadcrumbList","@id":"https:\/\/www.companimo.com\/actualites\/gestion-preventive-otite-externe-labrador.html#breadcrumb","itemListElement":[{"@type":"ListItem","position":1,"name":"Accueil","item":"https:\/\/www.companimo.com\/actualites"},{"@type":"ListItem","position":2,"name":"Gestion pr\u00e9ventive de l&rsquo;otite externe chez un Labrador"}]},{"@type":"Person","@id":"https:\/\/www.companimo.com\/actualites\/#\/schema\/person\/b313f0fa0f62ca25b721252fd127ed7f","name":"Camille","image":{"@type":"ImageObject","@id":"https:\/\/www.companimo.com\/actualites\/#personlogo","inLanguage":"fr-FR","url":"https:\/\/www.companimo.com\/actualites\/wp-content\/uploads\/2026\/01\/IMG_8693-120x120.jpeg","contentUrl":"https:\/\/www.companimo.com\/actualites\/wp-content\/uploads\/2026\/01\/IMG_8693-120x120.jpeg","caption":"Camille"},"description":"Camille est Community Manager chez Companimo. Passionn\u00e9e par l\u2019\u00e9criture, les animaux et l\u2019\u00e9quitation, elle r\u00e9dige les articles du blog et les contenus informatifs du site. Dipl\u00f4m\u00e9e en communication, elle propose des contenus clairs et p\u00e9dagogiques pour accompagner les propri\u00e9taires de chiens, chats et chevaux au quotidien.","url":"https:\/\/www.companimo.com\/actualites\/author\/victoria"}]}},"_links":{"self":[{"href":"https:\/\/www.companimo.com\/actualites\/wp-json\/wp\/v2\/posts\/10482"}],"collection":[{"href":"https:\/\/www.companimo.com\/actualites\/wp-json\/wp\/v2\/posts"}],"about":[{"href":"https:\/\/www.companimo.com\/actualites\/wp-json\/wp\/v2\/types\/post"}],"author":[{"embeddable":true,"href":"https:\/\/www.companimo.com\/actualites\/wp-json\/wp\/v2\/users\/19"}],"replies":[{"embeddable":true,"href":"https:\/\/www.companimo.com\/actualites\/wp-json\/wp\/v2\/comments?post=10482"}],"version-history":[{"count":11,"href":"https:\/\/www.companimo.com\/actualites\/wp-json\/wp\/v2\/posts\/10482\/revisions"}],"predecessor-version":[{"id":10506,"href":"https:\/\/www.companimo.com\/actualites\/wp-json\/wp\/v2\/posts\/10482\/revisions\/10506"}],"wp:featuredmedia":[{"embeddable":true,"href":"https:\/\/www.companimo.com\/actualites\/wp-json\/wp\/v2\/media\/10499"}],"wp:attachment":[{"href":"https:\/\/www.companimo.com\/actualites\/wp-json\/wp\/v2\/media?parent=10482"}],"wp:term":[{"taxonomy":"category","embeddable":true,"href":"https:\/\/www.companimo.com\/actualites\/wp-json\/wp\/v2\/categories?post=10482"},{"taxonomy":"post_tag","embeddable":true,"href":"https:\/\/www.companimo.com\/actualites\/wp-json\/wp\/v2\/tags?post=10482"}],"curies":[{"name":"wp","href":"https:\/\/api.w.org\/{rel}","templated":true}]}}